{"id":12991,"date":"2026-04-04T16:49:23","date_gmt":"2026-04-04T20:49:23","guid":{"rendered":"https:\/\/eldiariovirtual.com\/?p=12991"},"modified":"2026-04-07T16:51:15","modified_gmt":"2026-04-07T20:51:15","slug":"llegan-al-pais-dos-motores-para-reforzar-la-flota-de-boliviana-de-aviacion","status":"publish","type":"post","link":"https:\/\/eldiariovirtual.com\/index.php\/2026\/04\/04\/llegan-al-pais-dos-motores-para-reforzar-la-flota-de-boliviana-de-aviacion\/","title":{"rendered":"Llegan al pa\u00eds dos motores para reforzar la flota de Boliviana de Aviaci\u00f3n"},"content":{"rendered":"\n<figure class=\"wp-block-image size-large\"><img loading=\"lazy\" decoding=\"async\" width=\"1024\" height=\"576\" src=\"https:\/\/eldiariovirtual.com\/wp-content\/uploads\/2026\/04\/boa3-jpg-1024x576.webp\" alt=\"\" class=\"wp-image-12992\" srcset=\"https:\/\/eldiariovirtual.com\/wp-content\/uploads\/2026\/04\/boa3-jpg-1024x576.webp 1024w, https:\/\/eldiariovirtual.com\/wp-content\/uploads\/2026\/04\/boa3-jpg-300x169.webp 300w, https:\/\/eldiariovirtual.com\/wp-content\/uploads\/2026\/04\/boa3-jpg-768x432.webp 768w, https:\/\/eldiariovirtual.com\/wp-content\/uploads\/2026\/04\/boa3-jpg.webp 1200w\" sizes=\"auto, (max-width: 1024px) 100vw, 1024px\" \/><\/figure>\n\n\n\n<p><em>Los equipos llegaron para reforzar el trabajo de la aerol\u00ednea estatal<\/em><\/p>\n\n\n\n<p>El Ministerio de Obras P\u00fablicas inform\u00f3 este s\u00e1bado que un avi\u00f3n carguero arrib\u00f3 al pa\u00eds con dos motores destinados a fortalecer la flota de la aerol\u00ednea estatal Boliviana de Aviaci\u00f3n (BoA).<\/p>\n\n\n\n<p>A trav\u00e9s de sus redes sociales, la cartera de Estado se\u00f1al\u00f3 que los equipos permitir\u00e1n recuperar aeronaves actualmente fuera de operaci\u00f3n. \u201c<strong>Buenas noticias para BoA y para el pa\u00eds.<\/strong>&nbsp;<strong>Ayer lleg\u00f3 un avi\u00f3n carguero con dos motores: uno para un Boeing 737-300 y otro para reemplazo de un CRJ200\u201d, indic\u00f3 la entidad.<\/strong><\/p>\n\n\n\n<p>Seg\u00fan el reporte oficial, uno de los motores ser\u00e1 instalado en el Boeing con matr\u00edcula CP-3019, proceso que se prev\u00e9 completar hasta el mediod\u00eda, con el objetivo de reincorporar la aeronave a las operaciones comerciales en el menor tiempo posible.<\/p>\n\n\n\n<p>El Gobierno se\u00f1al\u00f3 que la llegada de estos equipos forma parte del plan de recuperaci\u00f3n y fortalecimiento de la aerol\u00ednea estatal,&nbsp;<strong>estrategia con la que se busca mejorar la disponibilidad de la flota y preparar a la empresa para una eventual pol\u00edtica de \u201cCielos Abiertos\u201d en el pa\u00eds.<\/strong><\/p>\n\n\n\n<p><strong>Recuperaci\u00f3n<\/strong><\/p>\n\n\n\n<p>El plan de recuperaci\u00f3n de BoA est\u00e1 estructurado en tres etapas.<\/p>\n\n\n\n<p>La primera fase correspondi\u00f3 a una reacci\u00f3n inmediata para atender la alta demanda de fin de a\u00f1o. Seg\u00fan datos oficiales, en ese periodo se logr\u00f3 incrementar la flota operativa de ocho a 11 aeronaves, tras recibir la empresa con limitaciones t\u00e9cnicas y un itinerario considerado sobredimensionado.<\/p>\n\n\n\n<p>Actualmente se desarrolla la segunda etapa del plan, orientada a consolidar la operatividad de la aerol\u00ednea hacia mediados de a\u00f1o.<strong>&nbsp;El gerente de BoA, Juan Jos\u00e9 Galvarro, inform\u00f3 que la flota operativa ya se increment\u00f3 de ocho a 13 aeronaves, con la meta de alcanzar 16 aviones en operaci\u00f3n hasta julio.<\/strong><\/p>\n\n\n\n<p>La tercera fase prev\u00e9 la recuperaci\u00f3n plena de la capacidad de la empresa para la temporada alta de noviembre, cuando se proyecta contar con 18 aeronaves operativas.<\/p>\n\n\n\n<p>De acuerdo con la informaci\u00f3n oficial, este proceso estar\u00e1 acompa\u00f1ado por mejoras en la eficiencia del servicio, la puntualidad de los vuelos y la atenci\u00f3n al usuario, con el objetivo de responder a la demanda del mercado a\u00e9reo boliviano. <br>\u00a0<\/p>\n","protected":false},"excerpt":{"rendered":"<p>Los equipos llegaron para reforzar el trabajo de la aerol\u00ednea estatal El Ministerio de Obras&#8230;<\/p>\n","protected":false},"author":1,"featured_media":12992,"comment_status":"closed","ping_status":"closed","sticky":false,"template":"","format":"standard","meta":{"fifu_image_url":"","fifu_image_alt":"","footnotes":""},"categories":[1],"tags":[],"class_list":["post-12991","post","type-post","status-publish","format-standard","has-post-thumbnail","hentry","category-sin-categoria"],"_links":{"self":[{"href":"https:\/\/eldiariovirtual.com\/index.php\/wp-json\/wp\/v2\/posts\/12991","targetHints":{"allow":["GET"]}}],"collection":[{"href":"https:\/\/eldiariovirtual.com\/index.php\/wp-json\/wp\/v2\/posts"}],"about":[{"href":"https:\/\/eldiariovirtual.com\/index.php\/wp-json\/wp\/v2\/types\/post"}],"author":[{"embeddable":true,"href":"https:\/\/eldiariovirtual.com\/index.php\/wp-json\/wp\/v2\/users\/1"}],"replies":[{"embeddable":true,"href":"https:\/\/eldiariovirtual.com\/index.php\/wp-json\/wp\/v2\/comments?post=12991"}],"version-history":[{"count":1,"href":"https:\/\/eldiariovirtual.com\/index.php\/wp-json\/wp\/v2\/posts\/12991\/revisions"}],"predecessor-version":[{"id":12993,"href":"https:\/\/eldiariovirtual.com\/index.php\/wp-json\/wp\/v2\/posts\/12991\/revisions\/12993"}],"wp:featuredmedia":[{"embeddable":true,"href":"https:\/\/eldiariovirtual.com\/index.php\/wp-json\/wp\/v2\/media\/12992"}],"wp:attachment":[{"href":"https:\/\/eldiariovirtual.com\/index.php\/wp-json\/wp\/v2\/media?parent=12991"}],"wp:term":[{"taxonomy":"category","embeddable":true,"href":"https:\/\/eldiariovirtual.com\/index.php\/wp-json\/wp\/v2\/categories?post=12991"},{"taxonomy":"post_tag","embeddable":true,"href":"https:\/\/eldiariovirtual.com\/index.php\/wp-json\/wp\/v2\/tags?post=12991"}],"curies":[{"name":"wp","href":"https:\/\/api.w.org\/{rel}","templated":true}]}}