{"id":13058,"date":"2026-04-24T21:38:00","date_gmt":"2026-04-25T01:38:00","guid":{"rendered":"https:\/\/eldiariovirtual.com\/index.php\/2026\/04\/24\/estos-son-los-temas-que-abordaran-el-presidente-paz-y-los-gobernadores-electos\/"},"modified":"2026-04-24T21:38:00","modified_gmt":"2026-04-25T01:38:00","slug":"estos-son-los-temas-que-abordaran-el-presidente-paz-y-los-gobernadores-electos","status":"publish","type":"post","link":"https:\/\/eldiariovirtual.com\/index.php\/2026\/04\/24\/estos-son-los-temas-que-abordaran-el-presidente-paz-y-los-gobernadores-electos\/","title":{"rendered":"Estos son los temas que abordar\u00e1n el presidente Paz y los gobernadores electos"},"content":{"rendered":"<p>Rodrigo Paz sostendr\u00e1 este viernes una reuni\u00f3n con los nueve gobernadores electos del pa\u00eds, en la Casa Grande del Pueblo, a partir de las 11:00<\/p>\n<figure class=\"wp-block-image\"><img decoding=\"async\" src=\"https:\/\/hub.idealabgroup.com\/public\/uploads\/img_07f9be529a5998915f923618249c626d73d63e66.webp\" alt=\"Los nueve gobernadores electos.\"\/><figcaption>Los nueve gobernadores electos.<\/figcaption><\/figure>\n<p>&nbsp;El presidente del Estado, Rodrigo Paz Pereira, sostendr\u00e1 este viernes una reuni\u00f3n con los nueve gobernadores electos del pa\u00eds, en la Casa Grande del Pueblo, a partir de las 11:00, con una agenda centrada en la coordinaci\u00f3n de la gesti\u00f3n departamental y la situaci\u00f3n econ\u00f3mica de las regiones.<\/p>\n<p>El encuentro fue convocado mediante invitaci\u00f3n oficial tras la conclusi\u00f3n de las elecciones subnacionales y se constituye en el primer acercamiento entre el Gobierno nacional y las nuevas autoridades departamentales.<\/p>\n<p>Entre los principales temas a tratar se encuentra la propuesta del modelo de distribuci\u00f3n de recursos denominado 50\/50, adem\u00e1s del an\u00e1lisis de la situaci\u00f3n financiera de las gobernaciones, varias de las cuales reportan dificultades econ\u00f3micas.<\/p>\n<p>De acuerdo con las autoridades electas, la reuni\u00f3n tambi\u00e9n abordar\u00e1 aspectos relacionados con regal\u00edas, acceso a financiamiento, reprogramaci\u00f3n de deudas y ejecuci\u00f3n de proyectos de desarrollo.<\/p>\n<p>El gobernador electo de Santa Cruz, Juan Pablo Velasco, confirm\u00f3 su asistencia e indic\u00f3 que escuchar\u00e1 la propuesta del Gobierno sobre el modelo 50\/50, adem\u00e1s de plantear iniciativas como el desarrollo del hub de Viru Viru.<\/p>\n<p>Desde el Beni, el gobernador electo Jes\u00fas Eg\u00fcez inform\u00f3 que participar\u00e1 en el encuentro con propuestas vinculadas a los sectores productivos, como agricultura, turismo, energ\u00eda el\u00e9ctrica y regal\u00edas.<\/p>\n<p>En tanto, el gobernador electo de Cochabamba, Leonardo Loza, anunci\u00f3 que presentar\u00e1 proyectos de infraestructura para su departamento y se\u00f1al\u00f3 que participar\u00e1 del di\u00e1logo sin condicionamientos.<\/p>\n<p>La gobernadora electa de Tarija, Mar\u00eda Ren\u00e9 Soruco, tambi\u00e9n confirm\u00f3 su presencia con el objetivo de impulsar una agenda orientada al desarrollo regional y el an\u00e1lisis de la redistribuci\u00f3n de recursos.<\/p>\n<p>Por su parte, el gobernador electo de La Paz, Luis Revilla, prev\u00e9 plantear propuestas de desarrollo departamental y conocer los alcances del modelo 50\/50.<\/p>\n<p>Desde Pando, la gobernadora electa Gabriela De Paiva se\u00f1al\u00f3 que solicitar\u00e1 la implementaci\u00f3n de la redistribuci\u00f3n de recursos y abordar\u00e1 temas relacionados con el sector salud.<\/p>\n<p>El gobernador electo de Oruro, Edgar S\u00e1nchez, adelant\u00f3 que propondr\u00e1 la creaci\u00f3n de una asociaci\u00f3n de gobernadores para coordinar una posici\u00f3n conjunta ante el Gobierno nacional.<\/p>\n<p>En el caso de Chuquisaca, el gobernador electo Luis Ayll\u00f3n plantear\u00e1 la necesidad de avanzar hacia un nuevo pacto fiscal que garantice una distribuci\u00f3n equitativa de recursos.<\/p>\n<p>Asimismo, autoridades regionales indicaron que el encuentro permitir\u00e1 tratar temas relacionados con cr\u00e9ditos internacionales, financiamiento para proyectos y la coordinaci\u00f3n de pol\u00edticas p\u00fablicas entre niveles de gobierno.<\/p>\n<p>La reuni\u00f3n se realizar\u00e1 en un contexto en el que varias gobernaciones reportan limitaciones presupuestarias, por lo que el di\u00e1logo con el Ejecutivo apunta a establecer una agenda de trabajo conjunta orientada a garantizar la continuidad de la gesti\u00f3n p\u00fablica y la ejecuci\u00f3n de proyectos en beneficio de las regiones.<\/p>","protected":false},"excerpt":{"rendered":"<p>Rodrigo Paz sostendr\u00e1 este viernes una reuni\u00f3n con los nueve gobernadores electos del pa\u00eds, en&#8230;<\/p>\n","protected":false},"author":1,"featured_media":13059,"comment_status":"","ping_status":"","sticky":false,"template":"","format":"standard","meta":{"fifu_image_url":"https:\/\/hub.idealabgroup.com\/public\/uploads\/img_07f9be529a5998915f923618249c626d73d63e66.webp","fifu_image_alt":"","footnotes":""},"categories":[22],"tags":[],"class_list":["post-13058","post","type-post","status-publish","format-standard","has-post-thumbnail","hentry","category-bolivia"],"_links":{"self":[{"href":"https:\/\/eldiariovirtual.com\/index.php\/wp-json\/wp\/v2\/posts\/13058","targetHints":{"allow":["GET"]}}],"collection":[{"href":"https:\/\/eldiariovirtual.com\/index.php\/wp-json\/wp\/v2\/posts"}],"about":[{"href":"https:\/\/eldiariovirtual.com\/index.php\/wp-json\/wp\/v2\/types\/post"}],"author":[{"embeddable":true,"href":"https:\/\/eldiariovirtual.com\/index.php\/wp-json\/wp\/v2\/users\/1"}],"replies":[{"embeddable":true,"href":"https:\/\/eldiariovirtual.com\/index.php\/wp-json\/wp\/v2\/comments?post=13058"}],"version-history":[{"count":0,"href":"https:\/\/eldiariovirtual.com\/index.php\/wp-json\/wp\/v2\/posts\/13058\/revisions"}],"wp:featuredmedia":[{"embeddable":true,"href":"https:\/\/eldiariovirtual.com\/index.php\/wp-json\/wp\/v2\/media\/13059"}],"wp:attachment":[{"href":"https:\/\/eldiariovirtual.com\/index.php\/wp-json\/wp\/v2\/media?parent=13058"}],"wp:term":[{"taxonomy":"category","embeddable":true,"href":"https:\/\/eldiariovirtual.com\/index.php\/wp-json\/wp\/v2\/categories?post=13058"},{"taxonomy":"post_tag","embeddable":true,"href":"https:\/\/eldiariovirtual.com\/index.php\/wp-json\/wp\/v2\/tags?post=13058"}],"curies":[{"name":"wp","href":"https:\/\/api.w.org\/{rel}","templated":true}]}}