{"id":13060,"date":"2026-04-26T23:15:00","date_gmt":"2026-04-27T03:15:00","guid":{"rendered":"https:\/\/eldiariovirtual.com\/index.php\/2026\/04\/26\/la-paz-bajo-presion-bloqueos-y-marchas-marcaran-la-semana\/"},"modified":"2026-04-26T23:15:00","modified_gmt":"2026-04-27T03:15:00","slug":"la-paz-bajo-presion-bloqueos-y-marchas-marcaran-la-semana","status":"publish","type":"post","link":"https:\/\/eldiariovirtual.com\/index.php\/2026\/04\/26\/la-paz-bajo-presion-bloqueos-y-marchas-marcaran-la-semana\/","title":{"rendered":"La Paz bajo presi\u00f3n: Bloqueos y marchas marcar\u00e1n la semana."},"content":{"rendered":"<p>El 1 de mayo se convoca un cabildo en El Alto ante el descontento social por la gesti\u00f3n econ\u00f3mica.<\/p>\n<figure class=\"wp-block-image\"><img decoding=\"async\" src=\"https:\/\/hub.idealabgroup.com\/public\/uploads\/img_86ee91560fc2adc70b15a13a72821bf6d5dcd265.webp\" alt=\"\"\/><\/figure>\n<p>Una confluencia de conflictos sociales paraliza la sede de Gobierno y sus principales v\u00edas de conexi\u00f3n. Esto ocurre debido al inicio de bloqueos indefinidos, marchas y la ruptura del di\u00e1logo entre el Magisterio y el Ejecutivo.<\/p>\n<p>La escalada de tensi\u00f3n culminar\u00e1 este viernes con un&nbsp;cabildo nacional&nbsp;en la ciudad de El Alto. Este evento, convocado por la Central Obrera Boliviana (COB), definir\u00e1 acciones directas contra los recientes ajustes econ\u00f3micos y la falta de atenci\u00f3n al pliego petitorio de los trabajadores.<\/p>\n<p>Las movilizaciones comienzan este lunes 27 de abril con un bloqueo de caminos indefinido en el norte de La Paz. Esta medida, impulsada por organizaciones interculturales y transportistas, responde a la persistente escasez de di\u00e9sel que afecta tanto al transporte pesado como a la maquinaria agr\u00edcola de la regi\u00f3n.<\/p>\n<p>Los dirigentes del sector instan a la poblaci\u00f3n a abastecerse de productos b\u00e1sicos. Adem\u00e1s, advierten que la protesta no se levantar\u00e1 hasta recibir respuestas concretas sobre el suministro de carburantes y el mantenimiento de las carreteras.<\/p>\n<p>El dirigente de la COB, Mario Argollo, inform\u00f3 que la decisi\u00f3n de convocar a un cabildo para el 1 de mayo surge ante una respuesta gubernamental que calific\u00f3 como \u201c80% negativa\u201d. El ente matriz busca ratificar su demanda de incremento salarial y rechazar las pol\u00edticas de ajuste que, seg\u00fan denuncian, afectan el poder adquisitivo de los afiliados.<\/p>\n<p>A esta movilizaci\u00f3n se sumar\u00e1 el Magisterio Urbano, sector que dio por terminadas las negociaciones con el Ministerio de Educaci\u00f3n tras no alcanzar acuerdos sobre la regularizaci\u00f3n de \u00edtems. La jornada de protestas tambi\u00e9n incluye el reclamo de los choferes por el uso de lo que denominan \u201cgasolina desestabilizada\u201d, la cual aseguran ha provocado da\u00f1os mec\u00e1nicos en sus herramientas de trabajo.<\/p>\n<p>Por otro lado, tras 18 d\u00edas de movilizaci\u00f3n, aproximadamente 300 ind\u00edgenas y campesinos del norte del pa\u00eds arribaron al municipio de Caranavi en su ruta hacia la sede de Gobierno. Los manifestantes rechazan la Ley 1720 de reconversi\u00f3n de tierras, alegando que esta normativa pone en riesgo la peque\u00f1a propiedad y los territorios ind\u00edgenas al no haber sido consensuada con los sectores afectados.<\/p>\n<p>Con el centro pace\u00f1o sitiado por marchas y las rutas al norte bloqueadas, la semana se perfila como una de las m\u00e1s cr\u00edticas. Esto ocurre en medio del descontento multisectorial a pocos d\u00edas de conmemorarse el D\u00eda del Trabajador.<\/p>","protected":false},"excerpt":{"rendered":"<p>El 1 de mayo se convoca un cabildo en El Alto ante el descontento social&#8230;<\/p>\n","protected":false},"author":1,"featured_media":13061,"comment_status":"","ping_status":"","sticky":false,"template":"","format":"standard","meta":{"fifu_image_url":"https:\/\/hub.idealabgroup.com\/public\/uploads\/img_86ee91560fc2adc70b15a13a72821bf6d5dcd265.webp","fifu_image_alt":"","footnotes":""},"categories":[35],"tags":[],"class_list":["post-13060","post","type-post","status-publish","format-standard","has-post-thumbnail","hentry","category-la-paz"],"_links":{"self":[{"href":"https:\/\/eldiariovirtual.com\/index.php\/wp-json\/wp\/v2\/posts\/13060","targetHints":{"allow":["GET"]}}],"collection":[{"href":"https:\/\/eldiariovirtual.com\/index.php\/wp-json\/wp\/v2\/posts"}],"about":[{"href":"https:\/\/eldiariovirtual.com\/index.php\/wp-json\/wp\/v2\/types\/post"}],"author":[{"embeddable":true,"href":"https:\/\/eldiariovirtual.com\/index.php\/wp-json\/wp\/v2\/users\/1"}],"replies":[{"embeddable":true,"href":"https:\/\/eldiariovirtual.com\/index.php\/wp-json\/wp\/v2\/comments?post=13060"}],"version-history":[{"count":0,"href":"https:\/\/eldiariovirtual.com\/index.php\/wp-json\/wp\/v2\/posts\/13060\/revisions"}],"wp:featuredmedia":[{"embeddable":true,"href":"https:\/\/eldiariovirtual.com\/index.php\/wp-json\/wp\/v2\/media\/13061"}],"wp:attachment":[{"href":"https:\/\/eldiariovirtual.com\/index.php\/wp-json\/wp\/v2\/media?parent=13060"}],"wp:term":[{"taxonomy":"category","embeddable":true,"href":"https:\/\/eldiariovirtual.com\/index.php\/wp-json\/wp\/v2\/categories?post=13060"},{"taxonomy":"post_tag","embeddable":true,"href":"https:\/\/eldiariovirtual.com\/index.php\/wp-json\/wp\/v2\/tags?post=13060"}],"curies":[{"name":"wp","href":"https:\/\/api.w.org\/{rel}","templated":true}]}}