{"id":13063,"date":"2026-04-27T09:22:09","date_gmt":"2026-04-27T13:22:09","guid":{"rendered":"https:\/\/eldiariovirtual.com\/?p=13063"},"modified":"2026-04-28T09:22:19","modified_gmt":"2026-04-28T13:22:19","slug":"fiscalia-abre-investigacion-por-la-presunta-apropiacion-de-bienes-del-caso-marset","status":"publish","type":"post","link":"https:\/\/eldiariovirtual.com\/index.php\/2026\/04\/27\/fiscalia-abre-investigacion-por-la-presunta-apropiacion-de-bienes-del-caso-marset\/","title":{"rendered":"Fiscal\u00eda abre investigaci\u00f3n por la presunta apropiaci\u00f3n de bienes del caso Marset"},"content":{"rendered":"\n<p>La investigaci\u00f3n se abre cuando han surgido versiones sobre la desaparici\u00f3n de objetos de valor que pertenecer\u00edan al narcotraficante uruguayo, quien fue detenido en Bolivia y expulsado hacia Estados Unidos.<\/p>\n\n\n\n<figure class=\"wp-block-image size-full\"><img loading=\"lazy\" decoding=\"async\" width=\"992\" height=\"558\" src=\"https:\/\/eldiariovirtual.com\/wp-content\/uploads\/2026\/04\/image.png\" alt=\"\" class=\"wp-image-13064\" srcset=\"https:\/\/eldiariovirtual.com\/wp-content\/uploads\/2026\/04\/image.png 992w, https:\/\/eldiariovirtual.com\/wp-content\/uploads\/2026\/04\/image-300x169.png 300w, https:\/\/eldiariovirtual.com\/wp-content\/uploads\/2026\/04\/image-768x432.png 768w\" sizes=\"auto, (max-width: 992px) 100vw, 992px\" \/><\/figure>\n\n\n\n<p>El fiscal general Roger Mariaca confirm\u00f3 este lunes que se ha abierto un proceso de investigaci\u00f3n por la presunta p\u00e9rdida o apropiaciones de dinero y bienes de valor, relacionados con Sebasti\u00e1n Marset.<\/p>\n\n\n\n<p>Explic\u00f3 que el proceso es por dos delitos: incumplimientos de deberes y peculado, este segundo referido a la apropiaci\u00f3n de bienes de parte de funcionarios.<\/p>\n\n\n\n<p>La investigaci\u00f3n se abri\u00f3 contra los \u201cautores\u201d, es decir que a\u00fan no se tiene individualizados a los presuntos responsables.<\/p>\n\n\n\n<p>\u201cEsa investigaci\u00f3n hoy se encuentra ya con un fiscal asignado. Se va a pasar al Polic\u00eda para que puedan trabajar de manera conjunta con relaci\u00f3n a las directrices que puedan haber\u201d, recalc\u00f3 Mariaca.<\/p>\n\n\n\n<p>La investigaci\u00f3n se abre cuando han surgido versiones sobre la desaparici\u00f3n de objetos de valor que pertenecer\u00edan al narcotraficante uruguayo, quien fue detenido en Bolivia y expulsado hacia Estados Unidos.<\/p>\n","protected":false},"excerpt":{"rendered":"<p>La investigaci\u00f3n se abre cuando han surgido versiones sobre la desaparici\u00f3n de objetos de valor&#8230;<\/p>\n","protected":false},"author":1,"featured_media":13064,"comment_status":"closed","ping_status":"closed","sticky":false,"template":"","format":"standard","meta":{"fifu_image_url":"","fifu_image_alt":"","footnotes":""},"categories":[22],"tags":[],"class_list":["post-13063","post","type-post","status-publish","format-standard","has-post-thumbnail","hentry","category-bolivia"],"_links":{"self":[{"href":"https:\/\/eldiariovirtual.com\/index.php\/wp-json\/wp\/v2\/posts\/13063","targetHints":{"allow":["GET"]}}],"collection":[{"href":"https:\/\/eldiariovirtual.com\/index.php\/wp-json\/wp\/v2\/posts"}],"about":[{"href":"https:\/\/eldiariovirtual.com\/index.php\/wp-json\/wp\/v2\/types\/post"}],"author":[{"embeddable":true,"href":"https:\/\/eldiariovirtual.com\/index.php\/wp-json\/wp\/v2\/users\/1"}],"replies":[{"embeddable":true,"href":"https:\/\/eldiariovirtual.com\/index.php\/wp-json\/wp\/v2\/comments?post=13063"}],"version-history":[{"count":1,"href":"https:\/\/eldiariovirtual.com\/index.php\/wp-json\/wp\/v2\/posts\/13063\/revisions"}],"predecessor-version":[{"id":13065,"href":"https:\/\/eldiariovirtual.com\/index.php\/wp-json\/wp\/v2\/posts\/13063\/revisions\/13065"}],"wp:featuredmedia":[{"embeddable":true,"href":"https:\/\/eldiariovirtual.com\/index.php\/wp-json\/wp\/v2\/media\/13064"}],"wp:attachment":[{"href":"https:\/\/eldiariovirtual.com\/index.php\/wp-json\/wp\/v2\/media?parent=13063"}],"wp:term":[{"taxonomy":"category","embeddable":true,"href":"https:\/\/eldiariovirtual.com\/index.php\/wp-json\/wp\/v2\/categories?post=13063"},{"taxonomy":"post_tag","embeddable":true,"href":"https:\/\/eldiariovirtual.com\/index.php\/wp-json\/wp\/v2\/tags?post=13063"}],"curies":[{"name":"wp","href":"https:\/\/api.w.org\/{rel}","templated":true}]}}