{"id":13068,"date":"2026-04-28T18:35:00","date_gmt":"2026-04-28T22:35:00","guid":{"rendered":"https:\/\/eldiariovirtual.com\/index.php\/2026\/04\/28\/sobreviviente-denuncia-negligencia-en-accidente-de-flota-narvaez\/"},"modified":"2026-04-28T18:35:00","modified_gmt":"2026-04-28T22:35:00","slug":"sobreviviente-denuncia-negligencia-en-accidente-de-flota-narvaez","status":"publish","type":"post","link":"https:\/\/eldiariovirtual.com\/index.php\/2026\/04\/28\/sobreviviente-denuncia-negligencia-en-accidente-de-flota-narvaez\/","title":{"rendered":"Sobreviviente denuncia negligencia en accidente de flota Narv\u00e1ez."},"content":{"rendered":"<p>Propietario condujo el bus sin experiencia, fallas mec\u00e1nicas y ausencia de SOAT agravan tragedia en la ruta.<\/p>\n<figure class=\"wp-block-image\"><img decoding=\"async\" src=\"https:\/\/hub.idealabgroup.com\/public\/uploads\/img_484d257c6d73dbb420c7b269f65a59accaf05ef6.webp\" alt=\"V\u00edctima revela fallas antes del siniestro.\"\/><figcaption>V\u00edctima revela fallas antes del siniestro.<\/figcaption><\/figure>\n<p>Un tr\u00e1gico accidente de tr\u00e1nsito protagonizado por una unidad de la empresa de transporte \u201cNarv\u00e1ez\u201d ha dejado al descubierto presuntas irregularidades en la operaci\u00f3n de la flota, as\u00ed como graves deficiencias en las medidas de seguridad.<\/p>\n<p>Un pasajero sobreviviente, de profesi\u00f3n mec\u00e1nico, relat\u00f3 los momentos de terror previos al siniestro y asegur\u00f3 que la tragedia pudo haberse evitado.<\/p>\n<p>Seg\u00fan su testimonio, el chofer asignado originalmente fue arrestado en la terminal de Parada Norte antes de iniciar el viaje. Ante esta situaci\u00f3n, el propietario del bus decidi\u00f3 ponerse al volante, pese a \u2014seg\u00fan el denunciante\u2014 no contar con la experiencia necesaria para conducir un veh\u00edculo de gran tama\u00f1o.<\/p>\n<p>Durante el trayecto, el sobreviviente not\u00f3 que el conductor utilizaba \u00fanicamente el freno de aire, sin hacer uso del freno motor. Al llegar a la bajada de Tojo, los frenos se sobrecalentaron, provocando la p\u00e9rdida de control del veh\u00edculo. La unidad impact\u00f3 contra una pe\u00f1a y posteriormente se precipit\u00f3 a un barranco.<\/p>\n<p>Como consecuencia del accidente, fallecieron el due\u00f1o del bus y una pasajera que se encontraba en la parte delantera.<\/p>\n<p>El sobreviviente, quien sufri\u00f3 heridas graves en la frente que requirieron aproximadamente 15 puntos de sutura, tambi\u00e9n denunci\u00f3 condiciones inseguras dentro del veh\u00edculo. Se\u00f1al\u00f3 que los vidrios no eran de seguridad, sino comunes, lo que provoc\u00f3 que se astillaran y causaran m\u00faltiples cortes a los pasajeros.<\/p>\n<p>Asimismo, afirm\u00f3 que la empresa no contar\u00eda con el Seguro Obligatorio de Accidentes de Tr\u00e1nsito (SOAT), situaci\u00f3n que ha dejado a varios heridos \u2014muchos de ellos comerciantes\u2014 sin recursos para cubrir sus gastos m\u00e9dicos.<\/p>\n<p>Las autoridades deber\u00e1n investigar las circunstancias del hecho y determinar responsabilidades, mientras crece la preocupaci\u00f3n por la seguridad en el transporte interdepartamental.<\/p>","protected":false},"excerpt":{"rendered":"<p>Propietario condujo el bus sin experiencia, fallas mec\u00e1nicas y ausencia de SOAT agravan tragedia en&#8230;<\/p>\n","protected":false},"author":1,"featured_media":13069,"comment_status":"","ping_status":"","sticky":false,"template":"","format":"standard","meta":{"fifu_image_url":"https:\/\/hub.idealabgroup.com\/public\/uploads\/img_484d257c6d73dbb420c7b269f65a59accaf05ef6.webp","fifu_image_alt":"","footnotes":""},"categories":[23],"tags":[],"class_list":["post-13068","post","type-post","status-publish","format-standard","has-post-thumbnail","hentry","category-tarija"],"_links":{"self":[{"href":"https:\/\/eldiariovirtual.com\/index.php\/wp-json\/wp\/v2\/posts\/13068","targetHints":{"allow":["GET"]}}],"collection":[{"href":"https:\/\/eldiariovirtual.com\/index.php\/wp-json\/wp\/v2\/posts"}],"about":[{"href":"https:\/\/eldiariovirtual.com\/index.php\/wp-json\/wp\/v2\/types\/post"}],"author":[{"embeddable":true,"href":"https:\/\/eldiariovirtual.com\/index.php\/wp-json\/wp\/v2\/users\/1"}],"replies":[{"embeddable":true,"href":"https:\/\/eldiariovirtual.com\/index.php\/wp-json\/wp\/v2\/comments?post=13068"}],"version-history":[{"count":0,"href":"https:\/\/eldiariovirtual.com\/index.php\/wp-json\/wp\/v2\/posts\/13068\/revisions"}],"wp:featuredmedia":[{"embeddable":true,"href":"https:\/\/eldiariovirtual.com\/index.php\/wp-json\/wp\/v2\/media\/13069"}],"wp:attachment":[{"href":"https:\/\/eldiariovirtual.com\/index.php\/wp-json\/wp\/v2\/media?parent=13068"}],"wp:term":[{"taxonomy":"category","embeddable":true,"href":"https:\/\/eldiariovirtual.com\/index.php\/wp-json\/wp\/v2\/categories?post=13068"},{"taxonomy":"post_tag","embeddable":true,"href":"https:\/\/eldiariovirtual.com\/index.php\/wp-json\/wp\/v2\/tags?post=13068"}],"curies":[{"name":"wp","href":"https:\/\/api.w.org\/{rel}","templated":true}]}}