{"id":13072,"date":"2026-04-29T20:28:00","date_gmt":"2026-04-30T00:28:00","guid":{"rendered":"https:\/\/eldiariovirtual.com\/index.php\/2026\/04\/29\/fiscalia-pedira-seis-meses-de-carcel-preventiva-para-expresidente-del-bcb-por-el-caso-bonos\/"},"modified":"2026-04-29T20:28:00","modified_gmt":"2026-04-30T00:28:00","slug":"fiscalia-pedira-seis-meses-de-carcel-preventiva-para-expresidente-del-bcb-por-el-caso-bonos","status":"publish","type":"post","link":"https:\/\/eldiariovirtual.com\/index.php\/2026\/04\/29\/fiscalia-pedira-seis-meses-de-carcel-preventiva-para-expresidente-del-bcb-por-el-caso-bonos\/","title":{"rendered":"Fiscal\u00eda pedir\u00e1 seis meses de c\u00e1rcel preventiva para expresidente del BCB por el caso \u2018Bonos\u2019"},"content":{"rendered":"<p>El Ministerio P\u00fablico investiga un presunto da\u00f1o econ\u00f3mico millonario vinculado a operaciones irregulares con bonos soberanos.<\/p>\n<figure class=\"wp-block-image\"><img decoding=\"async\" src=\"https:\/\/hub.idealabgroup.com\/public\/uploads\/img_6814339f069b4818429ea51d014b8806b2e220bc.webp\" alt=\"Edwin Rojas Ulo, expresidente del Banco Central de Bolivia.\"\/><figcaption>Edwin Rojas Ulo, expresidente del Banco Central de Bolivia.<\/figcaption><\/figure>\n<p>&nbsp;<\/p>\n<p>El Ministerio P\u00fablico anunci\u00f3 que solicitar\u00e1 la detenci\u00f3n preventiva por seis meses del expresidente del Banco Central de Bolivia (BCB), Edwin Rojas, y de otros tres exejecutivos implicados en el denominado caso bonos, tras su reciente aprehensi\u00f3n.<\/p>\n<p>\u201cEl Ministerio P\u00fablico va a solicitar la detenci\u00f3n preventiva de estas cuatro personas por el lapso de seis meses\u201d, inform\u00f3 este mi\u00e9rcoles el fiscal Anticorrupci\u00f3n, Miguel \u00c1ngel Cardozo, al se\u00f1alar que la medida ser\u00e1 formalizada en la imputaci\u00f3n correspondiente.<\/p>\n<p>La investigaci\u00f3n se origin\u00f3 a partir de una denuncia presentada por la actual administraci\u00f3n del ente emisor, luego de una auditor\u00eda que identific\u00f3 un da\u00f1o econ\u00f3mico de gran magnitud. Mientras la Fiscal\u00eda estima un perjuicio de 124 millones de d\u00f3lares, desde el \u00d3rgano Ejecutivo elevan la cifra a 142 millones.<\/p>\n<p>Los exejecutivos son investigados por los presuntos delitos de incumplimiento de deberes y conducta antiecon\u00f3mica, en relaci\u00f3n con posibles irregularidades en la compra y venta de bonos soberanos.<\/p>\n<p>Dentro de las indagaciones, se analiza un reglamento de operaciones aprobado en 2024 que habr\u00eda permitido transacciones con sobreprecio o en condiciones irregulares, lo que deriv\u00f3 en el presunto da\u00f1o econ\u00f3mico.<\/p>\n<p>Edwin Rojas permanece en celdas policiales a la espera de la presentaci\u00f3n formal de la imputaci\u00f3n, tras lo cual se deber\u00e1 convocar a la audiencia de medidas cautelares que definir\u00e1 su situaci\u00f3n jur\u00eddica.<\/p>","protected":false},"excerpt":{"rendered":"<p>El Ministerio P\u00fablico investiga un presunto da\u00f1o econ\u00f3mico millonario vinculado a operaciones irregulares con bonos&#8230;<\/p>\n","protected":false},"author":1,"featured_media":13073,"comment_status":"","ping_status":"","sticky":false,"template":"","format":"standard","meta":{"fifu_image_url":"https:\/\/hub.idealabgroup.com\/public\/uploads\/img_6814339f069b4818429ea51d014b8806b2e220bc.webp","fifu_image_alt":"","footnotes":""},"categories":[35],"tags":[],"class_list":["post-13072","post","type-post","status-publish","format-standard","has-post-thumbnail","hentry","category-la-paz"],"_links":{"self":[{"href":"https:\/\/eldiariovirtual.com\/index.php\/wp-json\/wp\/v2\/posts\/13072","targetHints":{"allow":["GET"]}}],"collection":[{"href":"https:\/\/eldiariovirtual.com\/index.php\/wp-json\/wp\/v2\/posts"}],"about":[{"href":"https:\/\/eldiariovirtual.com\/index.php\/wp-json\/wp\/v2\/types\/post"}],"author":[{"embeddable":true,"href":"https:\/\/eldiariovirtual.com\/index.php\/wp-json\/wp\/v2\/users\/1"}],"replies":[{"embeddable":true,"href":"https:\/\/eldiariovirtual.com\/index.php\/wp-json\/wp\/v2\/comments?post=13072"}],"version-history":[{"count":0,"href":"https:\/\/eldiariovirtual.com\/index.php\/wp-json\/wp\/v2\/posts\/13072\/revisions"}],"wp:featuredmedia":[{"embeddable":true,"href":"https:\/\/eldiariovirtual.com\/index.php\/wp-json\/wp\/v2\/media\/13073"}],"wp:attachment":[{"href":"https:\/\/eldiariovirtual.com\/index.php\/wp-json\/wp\/v2\/media?parent=13072"}],"wp:term":[{"taxonomy":"category","embeddable":true,"href":"https:\/\/eldiariovirtual.com\/index.php\/wp-json\/wp\/v2\/categories?post=13072"},{"taxonomy":"post_tag","embeddable":true,"href":"https:\/\/eldiariovirtual.com\/index.php\/wp-json\/wp\/v2\/tags?post=13072"}],"curies":[{"name":"wp","href":"https:\/\/api.w.org\/{rel}","templated":true}]}}