{"id":13074,"date":"2026-04-29T22:28:00","date_gmt":"2026-04-30T02:28:00","guid":{"rendered":"https:\/\/eldiariovirtual.com\/index.php\/2026\/04\/29\/justicia-ordena-suspender-interpelacion-al-ministro-de-hidrocarburos-en-recurso-de-amparo\/"},"modified":"2026-04-29T22:28:00","modified_gmt":"2026-04-30T02:28:00","slug":"justicia-ordena-suspender-interpelacion-al-ministro-de-hidrocarburos-en-recurso-de-amparo","status":"publish","type":"post","link":"https:\/\/eldiariovirtual.com\/index.php\/2026\/04\/29\/justicia-ordena-suspender-interpelacion-al-ministro-de-hidrocarburos-en-recurso-de-amparo\/","title":{"rendered":"Justicia ordena suspender interpelaci\u00f3n al Ministro de Hidrocarburos en recurso de amparo"},"content":{"rendered":"<p>La Sala Constitucional Tercera de El Alto dispuso que se frene el acto legislativo previsto para este jueves 30 de abril, mientras se analiza el fondo de la acci\u00f3n presentada por el Ejecutivo<\/p>\n<figure class=\"wp-block-image\"><img decoding=\"async\" src=\"https:\/\/hub.idealabgroup.com\/public\/uploads\/img_54df774ccb7fd92e9e527103acab4cb7d1feec24.webp\" alt=\"Carlos Marcelo Blanco, ministro de Hidrocarburos.\"\/><figcaption>Carlos Marcelo Blanco, ministro de Hidrocarburos.<\/figcaption><\/figure>\n<p>Una decisi\u00f3n judicial dej\u00f3 en pausa el proceso de fiscalizaci\u00f3n legislativa contra el ministro de Hidrocarburos y Energ\u00eda, Carlos Marcelo Blanco Quintanilla, luego de que la Sala Constitucional Tercera de la ciudad de El Alto admitiera una Acci\u00f3n de Amparo Constitucional presentada por la autoridad.<\/p>\n<p>El recurso fue interpuesto contra el vicepresidente del Estado y presidente nato de la Asamblea Legislativa Plurinacional (ALP), Edmand Lara Monta\u00f1o, y deriv\u00f3 en la suspensi\u00f3n temporal del acto de interpelaci\u00f3n que estaba programado para este jueves 30 de abril de 2026.<\/p>\n<p>Como medida cautelar, el tribunal determin\u00f3 frenar la comparecencia para evitar un \u201cda\u00f1o irreparable\u201d, dejando en suspenso cualquier tratamiento del caso hasta que se emita una resoluci\u00f3n sobre el fondo de la acci\u00f3n tutelar. El proceso judicial est\u00e1 registrado bajo el NUREJ 204296747.<\/p>\n<p>La solicitud fue presentada por la defensa legal del Ministerio de Hidrocarburos, que argument\u00f3 la legitimidad del ministro Blanco Quintanilla, designado mediante el Decreto Presidencial N\u00b0 5612 el pasado 22 de abril de 2026.<\/p>\n<p>El tribunal, presidido por el vocal Ricardo Guisbely Limachi, fij\u00f3 audiencia p\u00fablica para el martes 5 de mayo a las 12:00, la cual se desarrollar\u00e1 de manera virtual a trav\u00e9s de la plataforma Zoom. Asimismo, instruy\u00f3 a la Asamblea Legislativa remitir todos los antecedentes y pruebas correspondientes antes de esa fecha.<\/p>\n<p>Debido a la trascendencia del caso, la Sala Constitucional cit\u00f3 como terceros interesados a diversas autoridades, entre ellas el presidente de la C\u00e1mara de Senadores, Diego \u00c1vila; el titular de la C\u00e1mara de Diputados, Roberto Castro; adem\u00e1s de los ministros Mauricio Zamora Liebers (Obras P\u00fablicas), Jos\u00e9 Gabriel Espinoza Ya\u00f1ez (Econom\u00eda) y Ra\u00fal Marcelo Salinas Gamarra (Defensa).<\/p>\n<p>La resoluci\u00f3n cuenta con las firmas de los vocales Ricardo Guisbely Limachi, Grover Jhonn Cori Paz y Juan Levy Ulloa Galarza. Con esta determinaci\u00f3n, el Gobierno logra postergar el control parlamentario sobre la gesti\u00f3n en hidrocarburos, al menos hasta que se resuelva la acci\u00f3n judicial en curso.<\/p>","protected":false},"excerpt":{"rendered":"<p>La Sala Constitucional Tercera de El Alto dispuso que se frene el acto legislativo previsto&#8230;<\/p>\n","protected":false},"author":1,"featured_media":13075,"comment_status":"","ping_status":"","sticky":false,"template":"","format":"standard","meta":{"fifu_image_url":"https:\/\/hub.idealabgroup.com\/public\/uploads\/img_54df774ccb7fd92e9e527103acab4cb7d1feec24.webp","fifu_image_alt":"","footnotes":""},"categories":[35],"tags":[],"class_list":["post-13074","post","type-post","status-publish","format-standard","has-post-thumbnail","hentry","category-la-paz"],"_links":{"self":[{"href":"https:\/\/eldiariovirtual.com\/index.php\/wp-json\/wp\/v2\/posts\/13074","targetHints":{"allow":["GET"]}}],"collection":[{"href":"https:\/\/eldiariovirtual.com\/index.php\/wp-json\/wp\/v2\/posts"}],"about":[{"href":"https:\/\/eldiariovirtual.com\/index.php\/wp-json\/wp\/v2\/types\/post"}],"author":[{"embeddable":true,"href":"https:\/\/eldiariovirtual.com\/index.php\/wp-json\/wp\/v2\/users\/1"}],"replies":[{"embeddable":true,"href":"https:\/\/eldiariovirtual.com\/index.php\/wp-json\/wp\/v2\/comments?post=13074"}],"version-history":[{"count":0,"href":"https:\/\/eldiariovirtual.com\/index.php\/wp-json\/wp\/v2\/posts\/13074\/revisions"}],"wp:featuredmedia":[{"embeddable":true,"href":"https:\/\/eldiariovirtual.com\/index.php\/wp-json\/wp\/v2\/media\/13075"}],"wp:attachment":[{"href":"https:\/\/eldiariovirtual.com\/index.php\/wp-json\/wp\/v2\/media?parent=13074"}],"wp:term":[{"taxonomy":"category","embeddable":true,"href":"https:\/\/eldiariovirtual.com\/index.php\/wp-json\/wp\/v2\/categories?post=13074"},{"taxonomy":"post_tag","embeddable":true,"href":"https:\/\/eldiariovirtual.com\/index.php\/wp-json\/wp\/v2\/tags?post=13074"}],"curies":[{"name":"wp","href":"https:\/\/api.w.org\/{rel}","templated":true}]}}