{"id":13076,"date":"2026-04-30T22:25:00","date_gmt":"2026-05-01T02:25:00","guid":{"rendered":"https:\/\/eldiariovirtual.com\/index.php\/2026\/04\/30\/pequeno-ruben-recibe-alta-medica-tras-dos-meses-internado-por-accidente-aereo-en-el-alto\/"},"modified":"2026-04-30T22:25:00","modified_gmt":"2026-05-01T02:25:00","slug":"pequeno-ruben-recibe-alta-medica-tras-dos-meses-internado-por-accidente-aereo-en-el-alto","status":"publish","type":"post","link":"https:\/\/eldiariovirtual.com\/index.php\/2026\/04\/30\/pequeno-ruben-recibe-alta-medica-tras-dos-meses-internado-por-accidente-aereo-en-el-alto\/","title":{"rendered":"Peque\u00f1o Rub\u00e9n recibe alta m\u00e9dica tras dos meses internado por accidente a\u00e9reo en El Alto"},"content":{"rendered":"<p>Rub\u00e9n M. P. M., el ni\u00f1o de 11 a\u00f1os que sobrevivi\u00f3 al accidente a\u00e9reo registrado el pasado 27 de febrero en la ciudad de El Alto, fue dado de alta este jueves del Hospital del Norte, despu\u00e9s de permanecer dos meses bajo atenci\u00f3n m\u00e9dica.<\/p>\n<figure class=\"wp-block-image\"><img decoding=\"async\" src=\"https:\/\/hub.idealabgroup.com\/public\/uploads\/img_40e89c30acadc987eddc7924191806fb1dee1930.webp\" alt=\"Rub\u00e9n M. P. M., el ni\u00f1o de 11 a\u00f1os que sobrevivi\u00f3 al accidente a\u00e9reo\"\/><figcaption>Rub\u00e9n M. P. M., el ni\u00f1o de 11 a\u00f1os que sobrevivi\u00f3 al accidente a\u00e9reo<\/figcaption><\/figure>\n<p>El menor fue uno de los sobrevivientes m\u00e1s afectados por el siniestro, ocurrido cuando una aeronave militar H\u00e9rcules impact\u00f3 contra el minib\u00fas en el que viajaba junto a su madre, su hermano y otros familiares, quienes lamentablemente perdieron la vida.<\/p>\n<p>La salida de Rub\u00e9n del hospital estuvo marcada por aplausos, globos y muestras de cari\u00f1o por parte del personal m\u00e9dico, familiares y autoridades. El ni\u00f1o dej\u00f3 el centro de salud en silla de ruedas, visiblemente emocionado, dando inicio a una nueva etapa en su proceso de recuperaci\u00f3n.<\/p>\n<p>La primera dama, Bibi Urquidi, acompa\u00f1\u00f3 al menor durante su alta m\u00e9dica y destac\u00f3 la fortaleza con la que enfrent\u00f3 estos meses dif\u00edciles.<\/p>\n<p>\u201cEs un milagro, pero ese milagro lo ha hecho Rub\u00e9n con la fuerza que ha tenido y con el apoyo de todos\u201d, manifest\u00f3 Urquidi ante los medios.<\/p>\n<p>Tambi\u00e9n estuvieron presentes las ministras de Salud y Deportes, Marcela Flores, y de Educaci\u00f3n, Beatriz Garc\u00eda, quienes hicieron seguimiento a la evoluci\u00f3n del menor durante las \u00faltimas semanas.<\/p>\n<p>Como consecuencia del accidente, Rub\u00e9n sufri\u00f3 la amputaci\u00f3n de ambas piernas y permaneci\u00f3 varias semanas en terapia intensiva. Durante todo este tiempo estuvo acompa\u00f1ado por su padre, quien fue el \u00fanico sobreviviente de su n\u00facleo familiar presente en el hecho.<\/p>\n<p>Con el alta m\u00e9dica, el ni\u00f1o iniciar\u00e1 ahora una nueva etapa de rehabilitaci\u00f3n, con seguimiento especializado y apoyo institucional.<\/p>\n<h3 class=\"wp-block-heading\">Recibir\u00e1 beca de por vida y una vivienda social<\/h3>\n<p>La primera dama inform\u00f3 adem\u00e1s que el Gobierno otorg\u00f3 a Rub\u00e9n una beca de estudios de por vida y una vivienda social, cuya entrega est\u00e1 prevista para las pr\u00f3ximas semanas.<\/p>\n<p>Urquidi asegur\u00f3 que el respaldo estatal continuar\u00e1 durante el proceso de rehabilitaci\u00f3n y reinserci\u00f3n del menor, con el objetivo de brindarle mejores condiciones para su futuro.<\/p>\n<p>\u201cEstamos muy felices junto a \u00e9l. Es una bendici\u00f3n la calidad humana que tenemos y sabemos que va a salir adelante\u201d, expres\u00f3, mientras Rub\u00e9n se desped\u00eda del personal de salud que lo acompa\u00f1\u00f3 durante estos dos meses de recuperaci\u00f3n.<\/p>","protected":false},"excerpt":{"rendered":"<p>Rub\u00e9n M. P. M., el ni\u00f1o de 11 a\u00f1os que sobrevivi\u00f3 al accidente a\u00e9reo registrado&#8230;<\/p>\n","protected":false},"author":1,"featured_media":13077,"comment_status":"","ping_status":"","sticky":false,"template":"","format":"standard","meta":{"fifu_image_url":"https:\/\/hub.idealabgroup.com\/public\/uploads\/img_40e89c30acadc987eddc7924191806fb1dee1930.webp","fifu_image_alt":"","footnotes":""},"categories":[22],"tags":[],"class_list":["post-13076","post","type-post","status-publish","format-standard","has-post-thumbnail","hentry","category-bolivia"],"_links":{"self":[{"href":"https:\/\/eldiariovirtual.com\/index.php\/wp-json\/wp\/v2\/posts\/13076","targetHints":{"allow":["GET"]}}],"collection":[{"href":"https:\/\/eldiariovirtual.com\/index.php\/wp-json\/wp\/v2\/posts"}],"about":[{"href":"https:\/\/eldiariovirtual.com\/index.php\/wp-json\/wp\/v2\/types\/post"}],"author":[{"embeddable":true,"href":"https:\/\/eldiariovirtual.com\/index.php\/wp-json\/wp\/v2\/users\/1"}],"replies":[{"embeddable":true,"href":"https:\/\/eldiariovirtual.com\/index.php\/wp-json\/wp\/v2\/comments?post=13076"}],"version-history":[{"count":0,"href":"https:\/\/eldiariovirtual.com\/index.php\/wp-json\/wp\/v2\/posts\/13076\/revisions"}],"wp:featuredmedia":[{"embeddable":true,"href":"https:\/\/eldiariovirtual.com\/index.php\/wp-json\/wp\/v2\/media\/13077"}],"wp:attachment":[{"href":"https:\/\/eldiariovirtual.com\/index.php\/wp-json\/wp\/v2\/media?parent=13076"}],"wp:term":[{"taxonomy":"category","embeddable":true,"href":"https:\/\/eldiariovirtual.com\/index.php\/wp-json\/wp\/v2\/categories?post=13076"},{"taxonomy":"post_tag","embeddable":true,"href":"https:\/\/eldiariovirtual.com\/index.php\/wp-json\/wp\/v2\/tags?post=13076"}],"curies":[{"name":"wp","href":"https:\/\/api.w.org\/{rel}","templated":true}]}}