{"id":13078,"date":"2026-05-01T19:32:00","date_gmt":"2026-05-01T23:32:00","guid":{"rendered":"https:\/\/eldiariovirtual.com\/index.php\/2026\/05\/01\/aprehenden-al-piloto-del-avion-hercules-que-se-accidento-en-el-alto\/"},"modified":"2026-05-01T19:32:00","modified_gmt":"2026-05-01T23:32:00","slug":"aprehenden-al-piloto-del-avion-hercules-que-se-accidento-en-el-alto","status":"publish","type":"post","link":"https:\/\/eldiariovirtual.com\/index.php\/2026\/05\/01\/aprehenden-al-piloto-del-avion-hercules-que-se-accidento-en-el-alto\/","title":{"rendered":"Aprehenden al piloto del avi\u00f3n H\u00e9rcules que se accident\u00f3 en El Alto"},"content":{"rendered":"<p>Para el copiloto de la aeronave siniestrada tambi\u00e9n se emiti\u00f3 una orden de aprehensi\u00f3n.<\/p>\n<figure class=\"wp-block-image\"><img decoding=\"async\" src=\"https:\/\/hub.idealabgroup.com\/public\/uploads\/img_a73d592507834f1002f97baa0782eda346109569.webp\" alt=\"El avi\u00f3n H\u00e9rcules accidentado en El Alto.\"\/><figcaption>El avi\u00f3n H\u00e9rcules accidentado en El Alto.<\/figcaption><\/figure>\n<p>El mayor Erick R. Z., piloto del avi\u00f3n H\u00e9rcules C-130, fue aprehendido este viernes en el marco de las investigaciones por el accidente a\u00e9reo ocurrido el 27 de febrero en cercan\u00edas al Aeropuerto Internacional de El Alto.<\/p>\n<p>La captura del oficial de la Fuerza A\u00e9rea Boliviana (FAB) fue ejecutada por efectivos de la Polic\u00eda, quienes lo trasladaron hasta dependencias de la Fuerza Especial de Lucha Contra el Crimen (Felcc) de El Alto.<\/p>\n<p>El proceso que se sigue contra el piloto es por los delitos de homicidio culposo y lesiones culposas, seg\u00fan la resoluci\u00f3n emitida el 24 de abril. En tanto, para el copiloto, capit\u00e1n Jared R. E., tambi\u00e9n se emiti\u00f3 una orden similar de aprehensi\u00f3n.<\/p>\n<p>En el accidente a\u00e9reo fallecieron 22 personas, m\u00e1s 30 resultaron heridas y varios veh\u00edculos quedaron da\u00f1ados.<\/p>\n<p>El avi\u00f3n hab\u00eda despegado del Aeropuerto Internacional de Viru Viru a las 16.56, transportando material monetario del Banco Central de Bolivia (BCB), sin valor legal, con destino a El Alto.<\/p>\n<p>El 30 de abril, la Junta Investigadora de Accidentes Aeron\u00e1uticos de la FAB present\u00f3 su informe conclusivo, en el que identific\u00f3 factores operacionales y condiciones clim\u00e1ticas adversas como causas del siniestro.<\/p>\n<p>El documento no estableci\u00f3 responsabilidades ni el grado de las mismas, y dej\u00f3 esa determinaci\u00f3n a otras instancias.<\/p>","protected":false},"excerpt":{"rendered":"<p>Para el copiloto de la aeronave siniestrada tambi\u00e9n se emiti\u00f3 una orden de aprehensi\u00f3n. El&#8230;<\/p>\n","protected":false},"author":1,"featured_media":13079,"comment_status":"","ping_status":"","sticky":false,"template":"","format":"standard","meta":{"fifu_image_url":"https:\/\/hub.idealabgroup.com\/public\/uploads\/img_a73d592507834f1002f97baa0782eda346109569.webp","fifu_image_alt":"","footnotes":""},"categories":[35],"tags":[],"class_list":["post-13078","post","type-post","status-publish","format-standard","has-post-thumbnail","hentry","category-la-paz"],"_links":{"self":[{"href":"https:\/\/eldiariovirtual.com\/index.php\/wp-json\/wp\/v2\/posts\/13078","targetHints":{"allow":["GET"]}}],"collection":[{"href":"https:\/\/eldiariovirtual.com\/index.php\/wp-json\/wp\/v2\/posts"}],"about":[{"href":"https:\/\/eldiariovirtual.com\/index.php\/wp-json\/wp\/v2\/types\/post"}],"author":[{"embeddable":true,"href":"https:\/\/eldiariovirtual.com\/index.php\/wp-json\/wp\/v2\/users\/1"}],"replies":[{"embeddable":true,"href":"https:\/\/eldiariovirtual.com\/index.php\/wp-json\/wp\/v2\/comments?post=13078"}],"version-history":[{"count":0,"href":"https:\/\/eldiariovirtual.com\/index.php\/wp-json\/wp\/v2\/posts\/13078\/revisions"}],"wp:featuredmedia":[{"embeddable":true,"href":"https:\/\/eldiariovirtual.com\/index.php\/wp-json\/wp\/v2\/media\/13079"}],"wp:attachment":[{"href":"https:\/\/eldiariovirtual.com\/index.php\/wp-json\/wp\/v2\/media?parent=13078"}],"wp:term":[{"taxonomy":"category","embeddable":true,"href":"https:\/\/eldiariovirtual.com\/index.php\/wp-json\/wp\/v2\/categories?post=13078"},{"taxonomy":"post_tag","embeddable":true,"href":"https:\/\/eldiariovirtual.com\/index.php\/wp-json\/wp\/v2\/tags?post=13078"}],"curies":[{"name":"wp","href":"https:\/\/api.w.org\/{rel}","templated":true}]}}