{"id":13082,"date":"2026-05-02T16:03:00","date_gmt":"2026-05-02T20:03:00","guid":{"rendered":"https:\/\/eldiariovirtual.com\/index.php\/2026\/05\/02\/transporte-libre-rechaza-paro-de-choferes-para-este-martes\/"},"modified":"2026-05-02T16:03:00","modified_gmt":"2026-05-02T20:03:00","slug":"transporte-libre-rechaza-paro-de-choferes-para-este-martes","status":"publish","type":"post","link":"https:\/\/eldiariovirtual.com\/index.php\/2026\/05\/02\/transporte-libre-rechaza-paro-de-choferes-para-este-martes\/","title":{"rendered":"Transporte Libre rechaza paro de choferes para este martes"},"content":{"rendered":"<p>Los dirigentes del sector optaron por priorizar el di\u00e1logo como mecanismo para atender sus demandas.<\/p>\n<figure class=\"wp-block-image\"><img decoding=\"async\" src=\"https:\/\/hub.idealabgroup.com\/public\/uploads\/img_2d2c836ddc4ec0948503e9da1983d60c2ff4c557.webp\" alt=\"Dirigentes del Transporte Libre al terminar la reuni\u00f3n con el viceministro de Transporte , Hugo Criales.\"\/><figcaption>Dirigentes del Transporte Libre al terminar la reuni\u00f3n con el viceministro de Transporte , Hugo Criales.<\/figcaption><\/figure>\n<p>La Confederaci\u00f3n de&nbsp;Transporte Libre&nbsp;decidi\u00f3 rechazar el paro convocado por el sector de los choferes para este martes. Esta decisi\u00f3n se confirm\u00f3 tras una reuni\u00f3n entre los dirigentes del sector y el ministro de Obras P\u00fablicas, Mauricio Zamora, junto al viceministro de Transportes, Hugo Criales.<\/p>\n<p>Desde el Ministerio de Obras P\u00fablicas se inform\u00f3 que, tras debatir los puntos en conflicto, \u201clos dirigentes del sector optaron por priorizar el di\u00e1logo como mecanismo para atender sus demandas, en el marco de la pol\u00edtica impulsada por el presidente Rodrigo Paz de construir soluciones a trav\u00e9s de acuerdos\u201d, se\u00f1ala un comunicado emitido por esa cartera de Estado.<\/p>\n<p>Como resultado del encuentro, se acord\u00f3:<\/p>\n<ul class=\"wp-block-list\"><li>La instalaci\u00f3n de mesas de trabajo para abordar directamente los planteamientos del sector.<\/li><li>Establecer un canal de coordinaci\u00f3n permanente entre el Gobierno y los transportistas.<\/li><li>Continuar con el trabajo conjunto para atender las necesidades del sector.<\/li><\/ul>\n<p>El ministro Zamora expres\u00f3 que la determinaci\u00f3n del sector del Transporte Libre \u201ces una buena se\u00f1al para el pa\u00eds\u201d y mostr\u00f3 su expectativa de que otras organizaciones del transporte asistan al di\u00e1logo convocado para este lunes a las 16:00 horas. Adem\u00e1s, remarc\u00f3 que el Gobierno mantiene la voluntad de mantener canales abiertos para atender oportunamente las necesidades del sector.<\/p>\n<p>Es importante recordar que el viernes pasado, la Confederaci\u00f3n Nacional de Choferes anunci\u00f3 un paro de 24 horas con movilizaciones que iniciar\u00e1n el martes 5 de mayo. Esta medida podr\u00eda intensificarse y convertirse en un \u201cparo escalonado\u201d si el Gobierno no atiende sus demandas.<\/p>\n<p>Entre las principales demandas del sector se encuentran:<\/p>\n<ul class=\"wp-block-list\"><li>Denuncia sobre la comercializaci\u00f3n irregular y baja calidad de la gasolina, a la cual calificaron como \u201cgasolina basura\u201d.<\/li><li>Soluciones al desabastecimiento de combustible.<\/li><li>Resarcimiento por los da\u00f1os ocasionados a los motores tras el uso de gasolina de mala calidad.<\/li><\/ul>\n<p>Por su parte, Lucio G\u00f3mez, secretario ejecutivo de la Confederaci\u00f3n, indic\u00f3: \u201cSe ha determinado este paro nacional e internacional. Estoy seguro que el pueblo se va a sumar a esto, porque verdaderamente ya no podemos seguir viviendo de promesas\u201d. G\u00f3mez a\u00f1adi\u00f3 que este paro escalonado se ha aprobado primero por 24 horas, luego 48 horas, 72 horas y finalmente indefinido a partir del 5 de mayo.<\/p>","protected":false},"excerpt":{"rendered":"<p>Los dirigentes del sector optaron por priorizar el di\u00e1logo como mecanismo para atender sus demandas&#8230;.<\/p>\n","protected":false},"author":1,"featured_media":13083,"comment_status":"","ping_status":"","sticky":false,"template":"","format":"standard","meta":{"fifu_image_url":"https:\/\/hub.idealabgroup.com\/public\/uploads\/img_2d2c836ddc4ec0948503e9da1983d60c2ff4c557.webp","fifu_image_alt":"","footnotes":""},"categories":[35],"tags":[],"class_list":["post-13082","post","type-post","status-publish","format-standard","has-post-thumbnail","hentry","category-la-paz"],"_links":{"self":[{"href":"https:\/\/eldiariovirtual.com\/index.php\/wp-json\/wp\/v2\/posts\/13082","targetHints":{"allow":["GET"]}}],"collection":[{"href":"https:\/\/eldiariovirtual.com\/index.php\/wp-json\/wp\/v2\/posts"}],"about":[{"href":"https:\/\/eldiariovirtual.com\/index.php\/wp-json\/wp\/v2\/types\/post"}],"author":[{"embeddable":true,"href":"https:\/\/eldiariovirtual.com\/index.php\/wp-json\/wp\/v2\/users\/1"}],"replies":[{"embeddable":true,"href":"https:\/\/eldiariovirtual.com\/index.php\/wp-json\/wp\/v2\/comments?post=13082"}],"version-history":[{"count":0,"href":"https:\/\/eldiariovirtual.com\/index.php\/wp-json\/wp\/v2\/posts\/13082\/revisions"}],"wp:featuredmedia":[{"embeddable":true,"href":"https:\/\/eldiariovirtual.com\/index.php\/wp-json\/wp\/v2\/media\/13083"}],"wp:attachment":[{"href":"https:\/\/eldiariovirtual.com\/index.php\/wp-json\/wp\/v2\/media?parent=13082"}],"wp:term":[{"taxonomy":"category","embeddable":true,"href":"https:\/\/eldiariovirtual.com\/index.php\/wp-json\/wp\/v2\/categories?post=13082"},{"taxonomy":"post_tag","embeddable":true,"href":"https:\/\/eldiariovirtual.com\/index.php\/wp-json\/wp\/v2\/tags?post=13082"}],"curies":[{"name":"wp","href":"https:\/\/api.w.org\/{rel}","templated":true}]}}