{"id":13084,"date":"2026-05-02T21:06:00","date_gmt":"2026-05-03T01:06:00","guid":{"rendered":"https:\/\/eldiariovirtual.com\/index.php\/2026\/05\/02\/lara-pide-cambiar-el-alto-mando-policial-por-ola-de-asesinatos-en-santa-cruz\/"},"modified":"2026-05-02T21:06:00","modified_gmt":"2026-05-03T01:06:00","slug":"lara-pide-cambiar-el-alto-mando-policial-por-ola-de-asesinatos-en-santa-cruz","status":"publish","type":"post","link":"https:\/\/eldiariovirtual.com\/index.php\/2026\/05\/02\/lara-pide-cambiar-el-alto-mando-policial-por-ola-de-asesinatos-en-santa-cruz\/","title":{"rendered":"Lara pide cambiar el Alto Mando Policial por ola de asesinatos en Santa Cruz"},"content":{"rendered":"<p>El Vicepresidente asegur\u00f3 que \u00e9l \u201cpuede tambi\u00e9n ser v\u00edctima de asesinato\u201d porque la Polic\u00eda \u201cya no nos da ninguna garant\u00eda.<\/p>\n<figure class=\"wp-block-image\"><img decoding=\"async\" src=\"https:\/\/hub.idealabgroup.com\/public\/uploads\/img_a06d343e4d1fc1a547824f294cd11bfaebf9be06.webp\" alt=\"El vicepresidente Edmand Lara.&amp;nbsp;\"\/><figcaption>El vicepresidente Edmand Lara.&nbsp;<\/figcaption><\/figure>\n<p>El vicepresidente Edman Lara pidi\u00f3 este s\u00e1bado al presidente Rodrigo Paz realizar cambios urgentes en el Alto Mando Policial y relevar al comandante general de la Polic\u00eda Boliviana, Mirko Antonio Sokol, ante los recientes casos de asesinatos que contin\u00faan sin esclarecerse, principalmente en el departamento de Santa Cruz.<\/p>\n<p>A trav\u00e9s de un video difundido en redes sociales, Lara afirm\u00f3 que el narcotr\u00e1fico y el crimen organizado \u201cse han apoderado del Estado\u201d y cuestion\u00f3 la falta de resultados de la Polic\u00eda Boliviana frente a los hechos de violencia registrados en el pa\u00eds.<\/p>\n<p>\u201cLa Polic\u00eda Boliviana hasta el d\u00eda de hoy no ha esclarecido ninguno de los horrendos cr\u00edmenes que conocemos a diario por los medios de comunicaci\u00f3n. Todos los d\u00edas est\u00e1n asesinando ciudadanos en este pa\u00eds\u201d, manifest\u00f3.<\/p>\n<p>La autoridad sostuvo que el primer paso para enfrentar la inseguridad debe ser el relevo del actual mando policial. \u201cSe debe designar a otro comandante que tenga la capacidad de conducir una instituci\u00f3n tan importante y darle al pa\u00eds seguridad y garant\u00edas para transitar libremente\u201d, se\u00f1al\u00f3, advirtiendo que, de no tomarse medidas, continuar\u00e1n registr\u00e1ndose m\u00e1s p\u00e9rdidas de vidas humanas.<\/p>\n<p>Lara record\u00f3 recientes hechos de sangre ocurridos en distintas regiones del pa\u00eds, entre ellos el asesinato de un piloto en Santa Cruz durante una competencia deportiva, la muerte de un magistrado del Tribunal Agroambiental y otros cr\u00edmenes registrados en Bermejo y en el cuarto anillo de la capital cruce\u00f1a. \u201cLa Polic\u00eda Boliviana est\u00e1 contaminada, especialmente en sus altos mandos. El comandante general ha demostrado incapacidad para dirigir la instituci\u00f3n\u201d, declar\u00f3.<\/p>\n<p>Asimismo, acus\u00f3 a sectores policiales de actuar con complicidad frente al narcotr\u00e1fico, la corrupci\u00f3n y el crimen organizado. Critic\u00f3 adem\u00e1s la falta de operativos efectivos, la ausencia de aprehendidos en casos de alto impacto y las denuncias de extorsi\u00f3n contra ciudadanos. \u201cEn lugar de brindar seguridad, muchos efectivos se dedican a recaudar dinero sucio de la corrupci\u00f3n\u201d, afirm\u00f3.<\/p>\n<p>\u201cQuiz\u00e1s hasta quien les habla el d\u00eda de ma\u00f1ana puede tambi\u00e9n ser v\u00edctima de asesinato porque ac\u00e1 la Polic\u00eda Boliviana ya no nos da ninguna garant\u00eda. As\u00ed como asesinaron a un alto magistrado, as\u00ed como asesinaron a todas esas personas d\u00edas atr\u00e1s, t\u00fa, y s\u00e9 consciente de esto, t\u00fa, alg\u00fan miembro de tu familia o cualquier persona puede llevar la misma suerte. Pong\u00e1monos la mano en el pecho. Todos compromet\u00e1monos a exigir cambios estructurales en la polic\u00eda boliviana\u201d, dijo el Vicepresidente.<\/p>","protected":false},"excerpt":{"rendered":"<p>El Vicepresidente asegur\u00f3 que \u00e9l \u201cpuede tambi\u00e9n ser v\u00edctima de asesinato\u201d porque la Polic\u00eda \u201cya&#8230;<\/p>\n","protected":false},"author":1,"featured_media":13085,"comment_status":"","ping_status":"","sticky":false,"template":"","format":"standard","meta":{"fifu_image_url":"https:\/\/hub.idealabgroup.com\/public\/uploads\/img_a06d343e4d1fc1a547824f294cd11bfaebf9be06.webp","fifu_image_alt":"","footnotes":""},"categories":[22],"tags":[],"class_list":["post-13084","post","type-post","status-publish","format-standard","has-post-thumbnail","hentry","category-bolivia"],"_links":{"self":[{"href":"https:\/\/eldiariovirtual.com\/index.php\/wp-json\/wp\/v2\/posts\/13084","targetHints":{"allow":["GET"]}}],"collection":[{"href":"https:\/\/eldiariovirtual.com\/index.php\/wp-json\/wp\/v2\/posts"}],"about":[{"href":"https:\/\/eldiariovirtual.com\/index.php\/wp-json\/wp\/v2\/types\/post"}],"author":[{"embeddable":true,"href":"https:\/\/eldiariovirtual.com\/index.php\/wp-json\/wp\/v2\/users\/1"}],"replies":[{"embeddable":true,"href":"https:\/\/eldiariovirtual.com\/index.php\/wp-json\/wp\/v2\/comments?post=13084"}],"version-history":[{"count":0,"href":"https:\/\/eldiariovirtual.com\/index.php\/wp-json\/wp\/v2\/posts\/13084\/revisions"}],"wp:featuredmedia":[{"embeddable":true,"href":"https:\/\/eldiariovirtual.com\/index.php\/wp-json\/wp\/v2\/media\/13085"}],"wp:attachment":[{"href":"https:\/\/eldiariovirtual.com\/index.php\/wp-json\/wp\/v2\/media?parent=13084"}],"wp:term":[{"taxonomy":"category","embeddable":true,"href":"https:\/\/eldiariovirtual.com\/index.php\/wp-json\/wp\/v2\/categories?post=13084"},{"taxonomy":"post_tag","embeddable":true,"href":"https:\/\/eldiariovirtual.com\/index.php\/wp-json\/wp\/v2\/tags?post=13084"}],"curies":[{"name":"wp","href":"https:\/\/api.w.org\/{rel}","templated":true}]}}