{"id":13424,"date":"2026-08-30T20:02:00","date_gmt":"2026-08-31T00:02:00","guid":{"rendered":"https:\/\/eldiariovirtual.com\/index.php\/2026\/08\/30\/tupac-katari-amenaza-con-romper-el-estado-de-excepcion-y-movilizarse-transportistas-lo-analizan\/"},"modified":"2026-08-30T20:02:00","modified_gmt":"2026-08-31T00:02:00","slug":"tupac-katari-amenaza-con-romper-el-estado-de-excepcion-y-movilizarse-transportistas-lo-analizan","status":"publish","type":"post","link":"https:\/\/eldiariovirtual.com\/index.php\/2026\/08\/30\/tupac-katari-amenaza-con-romper-el-estado-de-excepcion-y-movilizarse-transportistas-lo-analizan\/","title":{"rendered":"T\u00fapac Katari amenaza con romper el estado de excepci\u00f3n y movilizarse; transportistas lo analizan"},"content":{"rendered":"<figure class=\"wp-block-image\"><img decoding=\"async\" src=\"https:\/\/hub.idealabgroup.com\/public\/uploads\/img_751ba010b3e514d379ed9e8fccc2ceb51776fbd7.webp\" alt=\"T\u00fapac Katari amenaza con romper el estado de excepci\u00f3n y movilizarse; transportistas lo analizan.\"\/><figcaption>T\u00fapac Katari amenaza con romper el estado de excepci\u00f3n y movilizarse; transportistas lo analizan.<\/figcaption><\/figure>\n<p class=\"wp-block-paragraph\">El ejecutivo de la Federaci\u00f3n T\u00fapac Katari, Rolando Choque, advirti\u00f3 que romper\u00e1n el estado de excepci\u00f3n e iniciar\u00e1n movilizaciones. Mientras que el trasporte pesado no descarta unirse a las medidas de presi\u00f3n de los sectores sociales por los problemas con el combustible que se han suscitado en el pa\u00eds.<\/p>\n<p class=\"wp-block-paragraph\">\u201cVamos a movilizarnos, tal vez se va a romper el estado de excepci\u00f3n, pero estamos analizando\u201d, afirm\u00f3 Choche.<\/p>\n<p class=\"wp-block-paragraph\">Asimismo, el dirigente sostuvo que existe preocupaci\u00f3n por la forma en que est\u00e1 actuando el Gobierno y se\u00f1al\u00f3 que buscan evitar que el conflicto escale. Sin embargo, remarc\u00f3 que la convicci\u00f3n firme de luchar.<\/p>\n<p class=\"wp-block-paragraph\">En esa misma l\u00ednea, el primer secretario de la Federaci\u00f3n del Transporte Pesado, Nelson Carrillo, inform\u00f3 que su sector se encuentra en estado de emergencia y no descart\u00f3 coordinar movilizaciones con otras organizaciones.<\/p>\n<p class=\"wp-block-paragraph\">\u201cEl transporte pesado est\u00e1 en estado de emergencia, no descarta que vamos a tomar medidas dr\u00e1sticas apoyando a otras organizaciones\u201d, inform\u00f3 el representante a Urgente.bo.<\/p>\n<p class=\"wp-block-paragraph\">Carrillo cuestion\u00f3 que las filas para acceder a di\u00e9sel contin\u00faen a pesar de la promulgaci\u00f3n del Decreto Supremo 5676 y asegur\u00f3 que los transportistas llegan a hacer fila hasta 72 horas para cargar di\u00e9sel.<\/p>\n<p class=\"wp-block-paragraph\">En ese sentido, el dirigente advirti\u00f3 que existe un gran descontento por parte de la poblaci\u00f3n por la falta de combustible e indic\u00f3 que las demandas est\u00e1n aumentando, por lo que es probable que en octubre se susciten conflictos.<\/p>\n<p class=\"wp-block-paragraph\">&nbsp;\u201cEl pueblo ya est\u00e1 cansado, ya est\u00e1 justamente de todo este abuso que est\u00e1 haciendo. Nosotros como transportistas realmente ya no podemos soportar toda esa situaci\u00f3n\u201d, manifest\u00f3.<\/p>\n<p class=\"wp-block-paragraph\">El dirigente dijo que entre las principales demandas est\u00e1 la abrogaci\u00f3n del Decreto Supremo 5676 y cuestion\u00f3 que el precio del combustible en el sector privado llegue hasta Bs 18 por litro, mientras los transportistas contin\u00faan realizando largas filas para acceder al di\u00e9sel a precio regulado. \u201cPodr\u00eda ser uno que se abrogue, lo que es justamente ese decreto\u201d, indic\u00f3.<\/p>\n<p class=\"wp-block-paragraph\">Por \u00faltimo, Carrillo advirti\u00f3 que, si las organizaciones sociales convocan a una movilizaci\u00f3n, el transporte pesado est\u00e1 dispuesto a asumir medidas. \u201cSi nos llaman para que apoyemos, lo vamos a hacer con bloqueos, fronteras, todo esta vez lo vamos a paralizar, para que realmente este Gobierno pueda decir que con el pueblo boliviano no se juega\u201d, afirm\u00f3.<\/p>","protected":false},"excerpt":{"rendered":"<p>El ejecutivo de la Federaci\u00f3n T\u00fapac Katari, Rolando Choque, advirti\u00f3 que romper\u00e1n el estado de&#8230;<\/p>\n","protected":false},"author":1,"featured_media":13425,"comment_status":"","ping_status":"","sticky":false,"template":"","format":"standard","meta":{"fifu_image_url":"https:\/\/hub.idealabgroup.com\/public\/uploads\/img_751ba010b3e514d379ed9e8fccc2ceb51776fbd7.webp","fifu_image_alt":"","footnotes":""},"categories":[35],"tags":[],"class_list":["post-13424","post","type-post","status-publish","format-standard","has-post-thumbnail","hentry","category-la-paz"],"_links":{"self":[{"href":"https:\/\/eldiariovirtual.com\/index.php\/wp-json\/wp\/v2\/posts\/13424","targetHints":{"allow":["GET"]}}],"collection":[{"href":"https:\/\/eldiariovirtual.com\/index.php\/wp-json\/wp\/v2\/posts"}],"about":[{"href":"https:\/\/eldiariovirtual.com\/index.php\/wp-json\/wp\/v2\/types\/post"}],"author":[{"embeddable":true,"href":"https:\/\/eldiariovirtual.com\/index.php\/wp-json\/wp\/v2\/users\/1"}],"replies":[{"embeddable":true,"href":"https:\/\/eldiariovirtual.com\/index.php\/wp-json\/wp\/v2\/comments?post=13424"}],"version-history":[{"count":0,"href":"https:\/\/eldiariovirtual.com\/index.php\/wp-json\/wp\/v2\/posts\/13424\/revisions"}],"wp:featuredmedia":[{"embeddable":true,"href":"https:\/\/eldiariovirtual.com\/index.php\/wp-json\/wp\/v2\/media\/13425"}],"wp:attachment":[{"href":"https:\/\/eldiariovirtual.com\/index.php\/wp-json\/wp\/v2\/media?parent=13424"}],"wp:term":[{"taxonomy":"category","embeddable":true,"href":"https:\/\/eldiariovirtual.com\/index.php\/wp-json\/wp\/v2\/categories?post=13424"},{"taxonomy":"post_tag","embeddable":true,"href":"https:\/\/eldiariovirtual.com\/index.php\/wp-json\/wp\/v2\/tags?post=13424"}],"curies":[{"name":"wp","href":"https:\/\/api.w.org\/{rel}","templated":true}]}}