{"id":13426,"date":"2026-08-31T21:06:00","date_gmt":"2026-09-01T01:06:00","guid":{"rendered":"https:\/\/eldiariovirtual.com\/index.php\/2026\/08\/31\/alvarez-asume-el-mando-de-la-policia-y-paz-pide-hacer-cumplir-la-ley-con-firmeza\/"},"modified":"2026-08-31T21:06:00","modified_gmt":"2026-09-01T01:06:00","slug":"alvarez-asume-el-mando-de-la-policia-y-paz-pide-hacer-cumplir-la-ley-con-firmeza","status":"publish","type":"post","link":"https:\/\/eldiariovirtual.com\/index.php\/2026\/08\/31\/alvarez-asume-el-mando-de-la-policia-y-paz-pide-hacer-cumplir-la-ley-con-firmeza\/","title":{"rendered":"\u00c1lvarez asume el mando de la Polic\u00eda y Paz pide hacer cumplir la ley con firmeza"},"content":{"rendered":"<p class=\"wp-block-paragraph\">El Presidente posesion\u00f3 al nuevo Alto Mando interino de la Polic\u00eda Boliviana. Adri\u00e1n Javier \u00c1lvarez Arismendi asumi\u00f3 como comandante general; Roger Roca Saavedra, como subcomandante general y jefe de Estado Mayor; y Franz Williams Cabrera Quispe, como inspector general.<\/p>\n<figure class=\"wp-block-image\"><img decoding=\"async\" src=\"https:\/\/hub.idealabgroup.com\/public\/uploads\/img_6ec73f3f3f0777b314e0906423fb182bc694f0db.webp\" alt=\"El nuevo comandante general de la Polic\u00eda Boliviana, Adri\u00e1n Javier \u00c1lvarez Arismendi, durante su discurso\"\/><figcaption>El nuevo comandante general de la Polic\u00eda Boliviana, Adri\u00e1n Javier \u00c1lvarez Arismendi, durante su discurso<\/figcaption><\/figure>\n<p class=\"wp-block-paragraph\">El presidente Rodrigo Paz posesion\u00f3 al nuevo Alto Mando interino de la Polic\u00eda Boliviana, integrado por los coroneles Adri\u00e1n Javier \u00c1lvarez Arismendi, como comandante general; Roger Roca Saavedra, como subcomandante general y jefe de Estado Mayor; y Franz Williams Cabrera Quispe, como inspector general de la Polic\u00eda.<\/p>\n<p class=\"wp-block-paragraph\">La posesi\u00f3n se realiz\u00f3 tras la renuncia del general Mirko Sokol. En su discurso, \u00c1lvarez expres\u00f3 su compromiso de trabajar y dar una lucha frontal contra el narcotr\u00e1fico, el crimen organizado, la trata de personas y el lavado de activos.<\/p>\n<p class=\"wp-block-paragraph\">El nuevo comandante general se desempe\u00f1aba como director nacional de Tecnolog\u00eda y Telem\u00e1tica de la Polic\u00eda Boliviana y cuenta con 31 a\u00f1os de carrera profesional.<\/p>\n<p class=\"wp-block-paragraph\">Paz expres\u00f3 su confianza en las nuevas autoridades y les pidi\u00f3 conducir la instituci\u00f3n con la mirada puesta en los ciudadanos y en Bolivia, adem\u00e1s de cumplir y hacer cumplir la ley con firmeza.<\/p>","protected":false},"excerpt":{"rendered":"<p>El Presidente posesion\u00f3 al nuevo Alto Mando interino de la Polic\u00eda Boliviana. Adri\u00e1n Javier \u00c1lvarez&#8230;<\/p>\n","protected":false},"author":1,"featured_media":13427,"comment_status":"","ping_status":"","sticky":false,"template":"","format":"standard","meta":{"fifu_image_url":"https:\/\/hub.idealabgroup.com\/public\/uploads\/img_6ec73f3f3f0777b314e0906423fb182bc694f0db.webp","fifu_image_alt":"","footnotes":""},"categories":[22],"tags":[],"class_list":["post-13426","post","type-post","status-publish","format-standard","has-post-thumbnail","hentry","category-bolivia"],"_links":{"self":[{"href":"https:\/\/eldiariovirtual.com\/index.php\/wp-json\/wp\/v2\/posts\/13426","targetHints":{"allow":["GET"]}}],"collection":[{"href":"https:\/\/eldiariovirtual.com\/index.php\/wp-json\/wp\/v2\/posts"}],"about":[{"href":"https:\/\/eldiariovirtual.com\/index.php\/wp-json\/wp\/v2\/types\/post"}],"author":[{"embeddable":true,"href":"https:\/\/eldiariovirtual.com\/index.php\/wp-json\/wp\/v2\/users\/1"}],"replies":[{"embeddable":true,"href":"https:\/\/eldiariovirtual.com\/index.php\/wp-json\/wp\/v2\/comments?post=13426"}],"version-history":[{"count":0,"href":"https:\/\/eldiariovirtual.com\/index.php\/wp-json\/wp\/v2\/posts\/13426\/revisions"}],"wp:featuredmedia":[{"embeddable":true,"href":"https:\/\/eldiariovirtual.com\/index.php\/wp-json\/wp\/v2\/media\/13427"}],"wp:attachment":[{"href":"https:\/\/eldiariovirtual.com\/index.php\/wp-json\/wp\/v2\/media?parent=13426"}],"wp:term":[{"taxonomy":"category","embeddable":true,"href":"https:\/\/eldiariovirtual.com\/index.php\/wp-json\/wp\/v2\/categories?post=13426"},{"taxonomy":"post_tag","embeddable":true,"href":"https:\/\/eldiariovirtual.com\/index.php\/wp-json\/wp\/v2\/tags?post=13426"}],"curies":[{"name":"wp","href":"https:\/\/api.w.org\/{rel}","templated":true}]}}