{"id":13432,"date":"2026-09-03T21:19:00","date_gmt":"2026-09-04T01:19:00","guid":{"rendered":"https:\/\/eldiariovirtual.com\/index.php\/2026\/09\/03\/presidente-anuncia-estudios-para-implementar-dos-nuevas-lineas-de-mi-teleferico-en-el-alto\/"},"modified":"2026-09-03T21:19:00","modified_gmt":"2026-09-04T01:19:00","slug":"presidente-anuncia-estudios-para-implementar-dos-nuevas-lineas-de-mi-teleferico-en-el-alto","status":"publish","type":"post","link":"https:\/\/eldiariovirtual.com\/index.php\/2026\/09\/03\/presidente-anuncia-estudios-para-implementar-dos-nuevas-lineas-de-mi-teleferico-en-el-alto\/","title":{"rendered":"Presidente anuncia estudios para implementar dos nuevas l\u00edneas de Mi Telef\u00e9rico en El Alto"},"content":{"rendered":"<figure class=\"wp-block-image\"><img decoding=\"async\" src=\"https:\/\/hub.idealabgroup.com\/public\/uploads\/img_b2c6897508889482edc825f9f3182a2fd798a69a.webp\" alt=\"Presidente Paz anuncia estudios para implementar dos nuevas l\u00edneas de Mi Telef\u00e9rico en El Alto.&amp;nbsp;\"\/><figcaption>Presidente Paz anuncia estudios para implementar dos nuevas l\u00edneas de Mi Telef\u00e9rico en El Alto.&nbsp;<\/figcaption><\/figure>\n<p class=\"wp-block-paragraph\">El presidente Rodrigo Paz Pereira inform\u00f3 este jueves que se efectuar\u00e1n estudios de factibilidad para dos nuevas l\u00edneas de la Empresa Estatal de Transporte por Cable Mi Telef\u00e9rico en El Alto; previamente, el Gobierno debe cumplir con los procesos administrativos correspondientes.<\/p>\n<p class=\"wp-block-paragraph\">\u201cYa hemos conseguido platita, pero bueno, tiene su proceso administrativo para generar dos estudios para dos l\u00edneas nuevas de telef\u00e9rico en El Alto\u201d, manifest\u00f3 el primer mandatario al final del acto de lanzamiento del Programa de Titulaci\u00f3n Masiva, efectuado en la urbe alte\u00f1a.<\/p>\n<p class=\"wp-block-paragraph\">Actualmente, la red de Mi Telef\u00e9rico cuenta con 10 l\u00edneas en funcionamiento que interconectan de forma metropolitana las ciudades de La Paz y El Alto. El sistema est\u00e1 compuesto por las siguientes l\u00edneas identificadas por colores: Roja, Amarilla, Verde, Azul, Naranja, Blanca, Celeste, Morada y Caf\u00e9.<\/p>\n<p class=\"wp-block-paragraph\">El jefe de Estado condicion\u00f3 la expansi\u00f3n de la red de telef\u00e9ricos al \u00e9xito econ\u00f3mico de los sectores de hidrocarburos y miner\u00eda. Durante su intervenci\u00f3n, el mandatario explic\u00f3 que la viabilidad de nuevos proyectos e infraestructuras de transporte masivo depender\u00e1 directamente de los ingresos fiscales que generen estos recursos naturales.<\/p>\n<p class=\"wp-block-paragraph\">\u201cSi conseguimos gas y la miner\u00eda nos da platita, va a ser m\u00e1s f\u00e1cil construir telef\u00e9ricos, no dos, tres, cuatro, cinco\u201d, dijo en una alocuci\u00f3n breve.<\/p>\n<p class=\"wp-block-paragraph\">Cr\u00e9dito y proyectos<\/p>\n<p class=\"wp-block-paragraph\">A prop\u00f3sito de este tema, Mi Telef\u00e9rico destinar\u00e1 al menos 12 millones de d\u00f3lares para conectar la L\u00ednea Morada con el Aeropuerto Internacional de El Alto mediante buses el\u00e9ctricos. Estos recursos provienen de un cr\u00e9dito externo total de 62 millones de d\u00f3lares asignado a la compa\u00f1\u00eda estatal.<\/p>\n<p class=\"wp-block-paragraph\">El Gobierno boliviano destinar\u00e1 un cr\u00e9dito de 62 millones de d\u00f3lares para la ejecuci\u00f3n de tres nuevos proyectos para esta red de transporte estatal. Seg\u00fan inform\u00f3 el Ministerio de Obras P\u00fablicas, Servicios y Vivienda, los recursos provienen de la Ley 1759, norma que fue aprobada y promulgada el mes pasado.<\/p>","protected":false},"excerpt":{"rendered":"<p>El presidente Rodrigo Paz Pereira inform\u00f3 este jueves que se efectuar\u00e1n estudios de factibilidad para&#8230;<\/p>\n","protected":false},"author":1,"featured_media":13433,"comment_status":"","ping_status":"","sticky":false,"template":"","format":"standard","meta":{"fifu_image_url":"https:\/\/hub.idealabgroup.com\/public\/uploads\/img_b2c6897508889482edc825f9f3182a2fd798a69a.webp","fifu_image_alt":"","footnotes":""},"categories":[35],"tags":[],"class_list":["post-13432","post","type-post","status-publish","format-standard","has-post-thumbnail","hentry","category-la-paz"],"_links":{"self":[{"href":"https:\/\/eldiariovirtual.com\/index.php\/wp-json\/wp\/v2\/posts\/13432","targetHints":{"allow":["GET"]}}],"collection":[{"href":"https:\/\/eldiariovirtual.com\/index.php\/wp-json\/wp\/v2\/posts"}],"about":[{"href":"https:\/\/eldiariovirtual.com\/index.php\/wp-json\/wp\/v2\/types\/post"}],"author":[{"embeddable":true,"href":"https:\/\/eldiariovirtual.com\/index.php\/wp-json\/wp\/v2\/users\/1"}],"replies":[{"embeddable":true,"href":"https:\/\/eldiariovirtual.com\/index.php\/wp-json\/wp\/v2\/comments?post=13432"}],"version-history":[{"count":0,"href":"https:\/\/eldiariovirtual.com\/index.php\/wp-json\/wp\/v2\/posts\/13432\/revisions"}],"wp:featuredmedia":[{"embeddable":true,"href":"https:\/\/eldiariovirtual.com\/index.php\/wp-json\/wp\/v2\/media\/13433"}],"wp:attachment":[{"href":"https:\/\/eldiariovirtual.com\/index.php\/wp-json\/wp\/v2\/media?parent=13432"}],"wp:term":[{"taxonomy":"category","embeddable":true,"href":"https:\/\/eldiariovirtual.com\/index.php\/wp-json\/wp\/v2\/categories?post=13432"},{"taxonomy":"post_tag","embeddable":true,"href":"https:\/\/eldiariovirtual.com\/index.php\/wp-json\/wp\/v2\/tags?post=13432"}],"curies":[{"name":"wp","href":"https:\/\/api.w.org\/{rel}","templated":true}]}}